{"id":101,"date":"2021-04-02T20:00:32","date_gmt":"2021-04-02T18:00:32","guid":{"rendered":"http:\/\/lalineaverdebulevar.es\/?p=101"},"modified":"2021-04-02T20:00:32","modified_gmt":"2021-04-02T18:00:32","slug":"weekly-menu-05-04-2021-09-04-2021","status":"publish","type":"post","link":"http:\/\/lalineaverdebulevar.es\/es\/weekly-menu-05-04-2021-09-04-2021\/","title":{"rendered":"Men\u00fa de la semana (05\/04\/2021-09\/04\/2021)"},"content":{"rendered":"<figure class=\"wp-block-image size-large\"><img loading=\"lazy\" decoding=\"async\" width=\"1024\" height=\"840\" src=\"http:\/\/lalineaverdebulevar.es\/wp-content\/uploads\/2021\/04\/2021-04-02-2-1024x840.jpg\" alt=\"\" class=\"wp-image-102\" srcset=\"http:\/\/lalineaverdebulevar.es\/wp-content\/uploads\/2021\/04\/2021-04-02-2-1024x840.jpg 1024w, http:\/\/lalineaverdebulevar.es\/wp-content\/uploads\/2021\/04\/2021-04-02-2-300x246.jpg 300w, http:\/\/lalineaverdebulevar.es\/wp-content\/uploads\/2021\/04\/2021-04-02-2-768x630.jpg 768w, http:\/\/lalineaverdebulevar.es\/wp-content\/uploads\/2021\/04\/2021-04-02-2-1536x1260.jpg 1536w, http:\/\/lalineaverdebulevar.es\/wp-content\/uploads\/2021\/04\/2021-04-02-2-16x12.jpg 16w, http:\/\/lalineaverdebulevar.es\/wp-content\/uploads\/2021\/04\/2021-04-02-2.jpg 1873w\" sizes=\"auto, (max-width: 1024px) 100vw, 1024px\" \/><\/figure>\n\n\n\n<p>Hola Amigos!<br>!!! ESTA SEMANA ESTAMOS ABIERTOS ENTRE 7:30-15:00 TAMBIEN !!!<br>Nuestro men\u00fa para la pr\u00f3xima semana (05\/04\/2021-09\/04\/2021):<\/p>\n\n\n\n<ul class=\"wp-block-list\"><li>Lunes (05\/04\/2021):<br>Alb\u00f3ndigas con patatas guisadas con cebolla y romero (sin gluten)<\/li><li>Martes (06\/04\/2021):<br>Alubias negros de Toulouse con arroz<\/li><li>Mi\u00e9rcoles (07\/04\/2021):<br>Fideos chinos con verduras y tofu<\/li><li>Jueves (08\/04\/2021):<br>Estofado de lentejas et\u00edope picante con cusc\u00fas<\/li><li>Viernes (09\/04\/2021):<br>Plato de col h\u00fangaro con trozos de soja (\"Sz\u00e9kelyk\u00e1poszta\") con pan casero (sin gluten si se pide sin pan)<br>Precio: 6 euros por almuerzo O obtenga un men\u00fa de almuerzo para todos los d\u00edas de la semana por 28 euros O con magdalena por 30 euros! \ud83d\ude09<br>Aseg\u00farese de informarnos qu\u00e9 almuerzos est\u00e1 dispuesto a tener con 24 horas de anticipaci\u00f3n, para que podamos reservar una porci\u00f3n para ti.<br>Estamos abiertos de lunes a viernes, de la manana 7:30 a 15:00 de la tarde como lugar para LLEVAR.<br>Todos nuestros comidas ser\u00e1n 100% vegetales, sabrosos y hechos con amor. \ud83d\udc9a<br>\u00a1Esperamos verte! \ud83d\ude09\ud83d\udc9a<\/li><\/ul>","protected":false},"excerpt":{"rendered":"<p>Men\u00fa de la semana 05\/04\/2021-09\/04\/2021<\/p>","protected":false},"author":1,"featured_media":102,"comment_status":"closed","ping_status":"closed","sticky":false,"template":"","format":"standard","meta":{"footnotes":""},"categories":[5],"tags":[],"class_list":["post-101","post","type-post","status-publish","format-standard","has-post-thumbnail","hentry","category-weekly-menu"],"_links":{"self":[{"href":"http:\/\/lalineaverdebulevar.es\/es\/wp-json\/wp\/v2\/posts\/101","targetHints":{"allow":["GET"]}}],"collection":[{"href":"http:\/\/lalineaverdebulevar.es\/es\/wp-json\/wp\/v2\/posts"}],"about":[{"href":"http:\/\/lalineaverdebulevar.es\/es\/wp-json\/wp\/v2\/types\/post"}],"author":[{"embeddable":true,"href":"http:\/\/lalineaverdebulevar.es\/es\/wp-json\/wp\/v2\/users\/1"}],"replies":[{"embeddable":true,"href":"http:\/\/lalineaverdebulevar.es\/es\/wp-json\/wp\/v2\/comments?post=101"}],"version-history":[{"count":1,"href":"http:\/\/lalineaverdebulevar.es\/es\/wp-json\/wp\/v2\/posts\/101\/revisions"}],"predecessor-version":[{"id":103,"href":"http:\/\/lalineaverdebulevar.es\/es\/wp-json\/wp\/v2\/posts\/101\/revisions\/103"}],"wp:featuredmedia":[{"embeddable":true,"href":"http:\/\/lalineaverdebulevar.es\/es\/wp-json\/wp\/v2\/media\/102"}],"wp:attachment":[{"href":"http:\/\/lalineaverdebulevar.es\/es\/wp-json\/wp\/v2\/media?parent=101"}],"wp:term":[{"taxonomy":"category","embeddable":true,"href":"http:\/\/lalineaverdebulevar.es\/es\/wp-json\/wp\/v2\/categories?post=101"},{"taxonomy":"post_tag","embeddable":true,"href":"http:\/\/lalineaverdebulevar.es\/es\/wp-json\/wp\/v2\/tags?post=101"}],"curies":[{"name":"wp","href":"https:\/\/api.w.org\/{rel}","templated":true}]}}