{"id":131,"date":"2021-04-23T22:08:53","date_gmt":"2021-04-23T20:08:53","guid":{"rendered":"http:\/\/lalineaverdebulevar.es\/?p=131"},"modified":"2021-04-23T22:14:27","modified_gmt":"2021-04-23T20:14:27","slug":"weekly-menu-26-04-2021-30-04-2021","status":"publish","type":"post","link":"http:\/\/lalineaverdebulevar.es\/es\/weekly-menu-26-04-2021-30-04-2021\/","title":{"rendered":"Men\u00fa de la semana (26\/04\/2021-30\/04\/2021):"},"content":{"rendered":"<figure class=\"wp-block-image size-large\"><img loading=\"lazy\" decoding=\"async\" width=\"1024\" height=\"642\" src=\"http:\/\/lalineaverdebulevar.es\/wp-content\/uploads\/2021\/04\/2021-04-26-1024x642.jpg\" alt=\"\" class=\"wp-image-132\" srcset=\"http:\/\/lalineaverdebulevar.es\/wp-content\/uploads\/2021\/04\/2021-04-26-1024x642.jpg 1024w, http:\/\/lalineaverdebulevar.es\/wp-content\/uploads\/2021\/04\/2021-04-26-300x188.jpg 300w, http:\/\/lalineaverdebulevar.es\/wp-content\/uploads\/2021\/04\/2021-04-26-768x481.jpg 768w, http:\/\/lalineaverdebulevar.es\/wp-content\/uploads\/2021\/04\/2021-04-26-1536x962.jpg 1536w, http:\/\/lalineaverdebulevar.es\/wp-content\/uploads\/2021\/04\/2021-04-26-16x10.jpg 16w, http:\/\/lalineaverdebulevar.es\/wp-content\/uploads\/2021\/04\/2021-04-26.jpg 2048w\" sizes=\"auto, (max-width: 1024px) 100vw, 1024px\" \/><\/figure>\n\n\n\n<p>Hola Amigos!<\/p>\n\n\n\n<p>Nuestro men\u00fa para pr\u00f3xima semana (26\/04\/2021-30\/04\/2021):<\/p>\n\n\n\n<p>- Lunes (26\/04\/2021):<br>Turli (ratatouille balc\u00e1nico)<\/p>\n\n\n\n<p>- Martes (27\/04\/2021):<br>Falafel con arroz y tzatziki<\/p>\n\n\n\n<p>- Mi\u00e9rcoles (28\/04\/2021):<br>Plato de col h\u00fangaro con trozos de soja (\"Sz\u00e9kelyk\u00e1poszta\") con pan casero (sin gluten si se pide sin pan)<\/p>\n\n\n\n<p>- Jueves (29\/04\/2021):<br>Fideos chinos con verduras y tofu<\/p>\n\n\n\n<p>- Viernes (30\/04\/2021):<br>Potaje de guisantes amarillos con salchichas caseras<\/p>\n\n\n\n<p>Precio: 6 euros por almuerzo O obtenga un men\u00fa de almuerzo para todos los d\u00edas de la semana por 28 euros O con magdalena por 30 euros! <img loading=\"lazy\" decoding=\"async\" height=\"16\" width=\"16\" alt=\"\ud83d\ude09\" src=\"https:\/\/static.xx.fbcdn.net\/images\/emoji.php\/v9\/t57\/1\/16\/1f609.png\"><br>Aseg\u00farese de informarnos qu\u00e9 almuerzos est\u00e1 dispuesto a tener con 24 horas de anticipaci\u00f3n, para que podamos reservar una porci\u00f3n para ti.<br>Estamos abiertos de lunes a viernes, de la manana 7:30 a 15:00 de la tarde como lugar para LLEVAR.<br>Todos nuestros platos ser\u00e1n 100% vegetales, sabrosos y elaborados con amor.\n\u00a1Esperamos verte! <img loading=\"lazy\" decoding=\"async\" height=\"16\" width=\"16\" alt=\"\ud83d\udc9a\" src=\"https:\/\/static.xx.fbcdn.net\/images\/emoji.php\/v9\/t94\/1\/16\/1f49a.png\"> Esperamos verte! <img loading=\"lazy\" decoding=\"async\" height=\"16\" width=\"16\" alt=\"\ud83d\ude09\" src=\"https:\/\/static.xx.fbcdn.net\/images\/emoji.php\/v9\/t57\/1\/16\/1f609.png\"><img loading=\"lazy\" decoding=\"async\" height=\"16\" width=\"16\" alt=\"\ud83d\udc9a\" src=\"https:\/\/static.xx.fbcdn.net\/images\/emoji.php\/v9\/t94\/1\/16\/1f49a.png\"><\/p>","protected":false},"excerpt":{"rendered":"<p>Men\u00fa de la semana 26\/04\/2021-30\/04\/2021<\/p>","protected":false},"author":1,"featured_media":133,"comment_status":"closed","ping_status":"closed","sticky":false,"template":"","format":"standard","meta":{"footnotes":""},"categories":[5],"tags":[],"class_list":["post-131","post","type-post","status-publish","format-standard","has-post-thumbnail","hentry","category-weekly-menu"],"_links":{"self":[{"href":"http:\/\/lalineaverdebulevar.es\/es\/wp-json\/wp\/v2\/posts\/131","targetHints":{"allow":["GET"]}}],"collection":[{"href":"http:\/\/lalineaverdebulevar.es\/es\/wp-json\/wp\/v2\/posts"}],"about":[{"href":"http:\/\/lalineaverdebulevar.es\/es\/wp-json\/wp\/v2\/types\/post"}],"author":[{"embeddable":true,"href":"http:\/\/lalineaverdebulevar.es\/es\/wp-json\/wp\/v2\/users\/1"}],"replies":[{"embeddable":true,"href":"http:\/\/lalineaverdebulevar.es\/es\/wp-json\/wp\/v2\/comments?post=131"}],"version-history":[{"count":5,"href":"http:\/\/lalineaverdebulevar.es\/es\/wp-json\/wp\/v2\/posts\/131\/revisions"}],"predecessor-version":[{"id":138,"href":"http:\/\/lalineaverdebulevar.es\/es\/wp-json\/wp\/v2\/posts\/131\/revisions\/138"}],"wp:featuredmedia":[{"embeddable":true,"href":"http:\/\/lalineaverdebulevar.es\/es\/wp-json\/wp\/v2\/media\/133"}],"wp:attachment":[{"href":"http:\/\/lalineaverdebulevar.es\/es\/wp-json\/wp\/v2\/media?parent=131"}],"wp:term":[{"taxonomy":"category","embeddable":true,"href":"http:\/\/lalineaverdebulevar.es\/es\/wp-json\/wp\/v2\/categories?post=131"},{"taxonomy":"post_tag","embeddable":true,"href":"http:\/\/lalineaverdebulevar.es\/es\/wp-json\/wp\/v2\/tags?post=131"}],"curies":[{"name":"wp","href":"https:\/\/api.w.org\/{rel}","templated":true}]}}