{"id":1375,"date":"2025-10-11T09:35:28","date_gmt":"2025-10-11T07:35:28","guid":{"rendered":"http:\/\/lalineaverdebulevar.es\/?p=1375"},"modified":"2025-10-11T09:35:28","modified_gmt":"2025-10-11T07:35:28","slug":"weekly-menu-13-10-2025-17-10-2025","status":"publish","type":"post","link":"http:\/\/lalineaverdebulevar.es\/es\/weekly-menu-13-10-2025-17-10-2025\/","title":{"rendered":"MEN\u00da DE LA SEMANA (13\/10\/2025-17\/10\/2025):"},"content":{"rendered":"<figure class=\"wp-block-image size-full\"><img loading=\"lazy\" decoding=\"async\" width=\"940\" height=\"788\" src=\"http:\/\/lalineaverdebulevar.es\/wp-content\/uploads\/2025\/10\/2025-10-13.png\" alt=\"\" class=\"wp-image-1376\" srcset=\"http:\/\/lalineaverdebulevar.es\/wp-content\/uploads\/2025\/10\/2025-10-13.png 940w, http:\/\/lalineaverdebulevar.es\/wp-content\/uploads\/2025\/10\/2025-10-13-300x251.png 300w, http:\/\/lalineaverdebulevar.es\/wp-content\/uploads\/2025\/10\/2025-10-13-768x644.png 768w, http:\/\/lalineaverdebulevar.es\/wp-content\/uploads\/2025\/10\/2025-10-13-14x12.png 14w\" sizes=\"auto, (max-width: 940px) 100vw, 940px\" \/><\/figure>\n\n\n\n<p>Hola Amigos!<br>!!! NUEVO HORARIO !!! L-V 15:00 - 19:00<br>Nuestro men\u00fa para la proxima semana (13\/10\/2025-17\/10\/2025):<\/p>\n\n\n\n<ul class=\"wp-block-list\">\n<li><strong><span style=\"text-decoration: underline;\">Lunes (13\/10\/2025):<\/span><\/strong><br>Deseo de Susie: Alb\u00f3ndigas de quinua y frijoles negros con hummus de remolacha, trozos de zanahoria al ajillo servido con arroz con c\u00farcuma<\/li>\n\n\n\n<li><strong><span style=\"text-decoration: underline;\">Martes (14\/10\/2025):<\/span><\/strong><br>Penne alla Vesuviana<\/li>\n\n\n\n<li><strong><span style=\"text-decoration: underline;\">Mi\u00e9rcoles (15\/10\/2025):<\/span><\/strong><br>Borscht con pan casero<\/li>\n\n\n\n<li><strong><span style=\"text-decoration: underline;\">Jueves (16\/10\/2025):<\/span><\/strong><br>Adas Bil Hamod (plato liban\u00e9s de lentejas, patatas, espinacas) con y pan pita<\/li>\n\n\n\n<li><strong><span style=\"text-decoration: underline;\">Viernes (17\/10\/2025):<\/span><\/strong><br>Chakalaka (estofado de alubias sudafricanos) con arroz integral<\/li>\n<\/ul>\n\n\n\n<p><\/p>\n\n\n\n<ul class=\"wp-block-list\">\n<li>Todos nuestros platos son veganos, 100% basado en plantas<\/li>\n\n\n\n<li>Ingredientes naturales y saludables.<\/li>\n\n\n\n<li>La L\u00ednea Verde es un restaurante de comida para llevar.<br>Por favor haga tu pedido con anticipaci\u00f3n, de lo contrario podr\u00eda tener que esperar 15 minutos para que se prepare.<\/li>\n<\/ul>","protected":false},"excerpt":{"rendered":"<p>MEN\u00da DE LA SEMANA (13\/10\/2025-17\/10\/2025):<\/p>","protected":false},"author":1,"featured_media":1376,"comment_status":"closed","ping_status":"closed","sticky":false,"template":"","format":"standard","meta":{"footnotes":""},"categories":[5],"tags":[],"class_list":["post-1375","post","type-post","status-publish","format-standard","has-post-thumbnail","hentry","category-weekly-menu"],"_links":{"self":[{"href":"http:\/\/lalineaverdebulevar.es\/es\/wp-json\/wp\/v2\/posts\/1375","targetHints":{"allow":["GET"]}}],"collection":[{"href":"http:\/\/lalineaverdebulevar.es\/es\/wp-json\/wp\/v2\/posts"}],"about":[{"href":"http:\/\/lalineaverdebulevar.es\/es\/wp-json\/wp\/v2\/types\/post"}],"author":[{"embeddable":true,"href":"http:\/\/lalineaverdebulevar.es\/es\/wp-json\/wp\/v2\/users\/1"}],"replies":[{"embeddable":true,"href":"http:\/\/lalineaverdebulevar.es\/es\/wp-json\/wp\/v2\/comments?post=1375"}],"version-history":[{"count":1,"href":"http:\/\/lalineaverdebulevar.es\/es\/wp-json\/wp\/v2\/posts\/1375\/revisions"}],"predecessor-version":[{"id":1377,"href":"http:\/\/lalineaverdebulevar.es\/es\/wp-json\/wp\/v2\/posts\/1375\/revisions\/1377"}],"wp:featuredmedia":[{"embeddable":true,"href":"http:\/\/lalineaverdebulevar.es\/es\/wp-json\/wp\/v2\/media\/1376"}],"wp:attachment":[{"href":"http:\/\/lalineaverdebulevar.es\/es\/wp-json\/wp\/v2\/media?parent=1375"}],"wp:term":[{"taxonomy":"category","embeddable":true,"href":"http:\/\/lalineaverdebulevar.es\/es\/wp-json\/wp\/v2\/categories?post=1375"},{"taxonomy":"post_tag","embeddable":true,"href":"http:\/\/lalineaverdebulevar.es\/es\/wp-json\/wp\/v2\/tags?post=1375"}],"curies":[{"name":"wp","href":"https:\/\/api.w.org\/{rel}","templated":true}]}}