{"id":1461,"date":"2026-03-08T15:53:22","date_gmt":"2026-03-08T13:53:22","guid":{"rendered":"http:\/\/lalineaverdebulevar.es\/?p=1461"},"modified":"2026-03-08T15:53:22","modified_gmt":"2026-03-08T13:53:22","slug":"weekly-menu-09-03-2026-13-03-2026","status":"publish","type":"post","link":"http:\/\/lalineaverdebulevar.es\/es\/weekly-menu-09-03-2026-13-03-2026\/","title":{"rendered":"MEN\u00da DE LA SEMANA (09\/03\/2026-13\/03\/2026):"},"content":{"rendered":"<figure class=\"wp-block-image size-full\"><img loading=\"lazy\" decoding=\"async\" width=\"940\" height=\"788\" src=\"http:\/\/lalineaverdebulevar.es\/wp-content\/uploads\/2026\/03\/2026-03-09.png\" alt=\"\" class=\"wp-image-1462\" srcset=\"http:\/\/lalineaverdebulevar.es\/wp-content\/uploads\/2026\/03\/2026-03-09.png 940w, http:\/\/lalineaverdebulevar.es\/wp-content\/uploads\/2026\/03\/2026-03-09-300x251.png 300w, http:\/\/lalineaverdebulevar.es\/wp-content\/uploads\/2026\/03\/2026-03-09-768x644.png 768w, http:\/\/lalineaverdebulevar.es\/wp-content\/uploads\/2026\/03\/2026-03-09-14x12.png 14w\" sizes=\"auto, (max-width: 940px) 100vw, 940px\" \/><\/figure>\n\n\n\n<p>Hola Amigos!<br><strong><span style=\"text-decoration: underline;\">!!! NUEVO HORARIO !!! L-V 15:00 - 19:00<\/span><\/strong><br>Nuestro men\u00fa para la proxima semana (09\/03\/2026-13\/03\/2026):<\/p>\n\n\n\n<ul class=\"wp-block-list\">\n<li><strong><span style=\"text-decoration: underline;\">Lunes (09\/03\/2026):<\/span><\/strong><br>Potaje de cebada iran\u00ed con champi\u00f1ones y limon<\/li>\n\n\n\n<li><strong><span style=\"text-decoration: underline;\">Martes (10\/03\/2026):<\/span><\/strong><br>Patatas revueltas tradicionales h\u00fangaras<\/li>\n\n\n\n<li><strong><span style=\"text-decoration: underline;\">Mi\u00e9rcoles (11\/03\/2026):<\/span><\/strong><br>Aalu matar tofu paneer (curry con patatas, guisantes y tofu) con arroz y pan naan<\/li>\n\n\n\n<li><strong><span style=\"text-decoration: underline;\">Jueves (12\/03\/2026):<\/span><\/strong><br>Manti turco con yogur de lim\u00f3n y ajo y salsa vegana de mantequilla de tomate<\/li>\n\n\n\n<li><strong><span style=\"text-decoration: underline;\">Viernes (13\/03\/2026):<\/span><\/strong><br>Borscht con pan casero<\/li>\n<\/ul>\n\n\n\n<p><\/p>\n\n\n\n<ul class=\"wp-block-list\">\n<li>Todos nuestros platos son veganos, 100% basado en plantas<\/li>\n\n\n\n<li>Ingredientes naturales y saludables.<\/li>\n\n\n\n<li>La L\u00ednea Verde es un restaurante de comida para llevar.<br>Por favor haga tu pedido con anticipaci\u00f3n, de lo contrario podr\u00eda tener que esperar 15 minutos para que se prepare.<\/li>\n<\/ul>","protected":false},"excerpt":{"rendered":"<p>MEN\u00da DE LA SEMANA (09\/03\/2026-13\/03\/2026):<\/p>","protected":false},"author":1,"featured_media":1462,"comment_status":"closed","ping_status":"closed","sticky":false,"template":"","format":"standard","meta":{"footnotes":""},"categories":[5],"tags":[],"class_list":["post-1461","post","type-post","status-publish","format-standard","has-post-thumbnail","hentry","category-weekly-menu"],"_links":{"self":[{"href":"http:\/\/lalineaverdebulevar.es\/es\/wp-json\/wp\/v2\/posts\/1461","targetHints":{"allow":["GET"]}}],"collection":[{"href":"http:\/\/lalineaverdebulevar.es\/es\/wp-json\/wp\/v2\/posts"}],"about":[{"href":"http:\/\/lalineaverdebulevar.es\/es\/wp-json\/wp\/v2\/types\/post"}],"author":[{"embeddable":true,"href":"http:\/\/lalineaverdebulevar.es\/es\/wp-json\/wp\/v2\/users\/1"}],"replies":[{"embeddable":true,"href":"http:\/\/lalineaverdebulevar.es\/es\/wp-json\/wp\/v2\/comments?post=1461"}],"version-history":[{"count":1,"href":"http:\/\/lalineaverdebulevar.es\/es\/wp-json\/wp\/v2\/posts\/1461\/revisions"}],"predecessor-version":[{"id":1463,"href":"http:\/\/lalineaverdebulevar.es\/es\/wp-json\/wp\/v2\/posts\/1461\/revisions\/1463"}],"wp:featuredmedia":[{"embeddable":true,"href":"http:\/\/lalineaverdebulevar.es\/es\/wp-json\/wp\/v2\/media\/1462"}],"wp:attachment":[{"href":"http:\/\/lalineaverdebulevar.es\/es\/wp-json\/wp\/v2\/media?parent=1461"}],"wp:term":[{"taxonomy":"category","embeddable":true,"href":"http:\/\/lalineaverdebulevar.es\/es\/wp-json\/wp\/v2\/categories?post=1461"},{"taxonomy":"post_tag","embeddable":true,"href":"http:\/\/lalineaverdebulevar.es\/es\/wp-json\/wp\/v2\/tags?post=1461"}],"curies":[{"name":"wp","href":"https:\/\/api.w.org\/{rel}","templated":true}]}}