{"id":1487,"date":"2026-04-25T18:55:56","date_gmt":"2026-04-25T16:55:56","guid":{"rendered":"http:\/\/lalineaverdebulevar.es\/?p=1487"},"modified":"2026-04-25T18:55:56","modified_gmt":"2026-04-25T16:55:56","slug":"weekly-menu-27-04-2026-01-05-2026","status":"publish","type":"post","link":"https:\/\/lalineaverdebulevar.es\/es\/weekly-menu-27-04-2026-01-05-2026\/","title":{"rendered":"MEN\u00da DE LA SEMANA (27\/04\/2026-01\/05\/2026):"},"content":{"rendered":"<figure class=\"wp-block-image size-full\"><img loading=\"lazy\" decoding=\"async\" width=\"940\" height=\"788\" src=\"http:\/\/lalineaverdebulevar.es\/wp-content\/uploads\/2026\/04\/2026-04-27.png\" alt=\"\" class=\"wp-image-1488\" srcset=\"https:\/\/lalineaverdebulevar.es\/wp-content\/uploads\/2026\/04\/2026-04-27.png 940w, https:\/\/lalineaverdebulevar.es\/wp-content\/uploads\/2026\/04\/2026-04-27-300x251.png 300w, https:\/\/lalineaverdebulevar.es\/wp-content\/uploads\/2026\/04\/2026-04-27-768x644.png 768w, https:\/\/lalineaverdebulevar.es\/wp-content\/uploads\/2026\/04\/2026-04-27-14x12.png 14w\" sizes=\"auto, (max-width: 940px) 100vw, 940px\" \/><\/figure>\n\n\n\n<p>Hola Amigos!<br><strong><span style=\"text-decoration: underline;\">!!! NUEVO HORARIO !!! L-V 15:00 - 19:00<\/span><\/strong><br>Nuestro men\u00fa para la proxima semana (27\/04\/2026-01\/05\/2026):<\/p>\n\n\n\n<ul class=\"wp-block-list\">\n<li><strong><span style=\"text-decoration: underline;\">Lunes (27\/04\/2026):<\/span><\/strong><br>Bowl de estofado marroqu\u00ed de garbanzos y tomate con cusc\u00fas mentolado y yogur de soja servido con pita<\/li>\n\n\n\n<li><strong><span style=\"text-decoration: underline;\">Martes (28\/04\/2026):<\/span><\/strong><br>Tallarines al curry de calabaza con verduras y trocitos de tofu<\/li>\n\n\n\n<li><strong><span style=\"text-decoration: underline;\">Mi\u00e9rcoles (29\/04\/2026):<\/span><\/strong><br>Panqueques rellenos \"carnosos\" h\u00fangaros (\"Hortob\u00e1gyi h\u00fasos palacsinta\")<\/li>\n\n\n\n<li><strong><span style=\"text-decoration: underline;\">Jueves (30\/04\/2026):<\/span><\/strong><br>Caraotas negras venezolanos con arroz basmati<\/li>\n\n\n\n<li><strong><span style=\"text-decoration: underline;\">Viernes (01\/05\/2026):<\/span><\/strong><br>Jud\u00edas verdes con patatas y bolitas de lentejas<\/li>\n<\/ul>\n\n\n\n<p><\/p>\n\n\n\n<ul class=\"wp-block-list\">\n<li>Todos nuestros platos son veganos, 100% basado en plantas<\/li>\n\n\n\n<li>Ingredientes naturales y saludables.<\/li>\n\n\n\n<li>La L\u00ednea Verde es un restaurante de comida para llevar.<br>Por favor haga tu pedido con anticipaci\u00f3n, de lo contrario podr\u00eda tener que esperar 15 minutos para que se prepare.<\/li>\n<\/ul>","protected":false},"excerpt":{"rendered":"<p>MEN\u00da DE LA SEMANA (27\/04\/2026-01\/05\/2026):<\/p>","protected":false},"author":1,"featured_media":1488,"comment_status":"closed","ping_status":"closed","sticky":false,"template":"","format":"standard","meta":{"footnotes":""},"categories":[5],"tags":[],"class_list":["post-1487","post","type-post","status-publish","format-standard","has-post-thumbnail","hentry","category-weekly-menu"],"_links":{"self":[{"href":"https:\/\/lalineaverdebulevar.es\/es\/wp-json\/wp\/v2\/posts\/1487","targetHints":{"allow":["GET"]}}],"collection":[{"href":"https:\/\/lalineaverdebulevar.es\/es\/wp-json\/wp\/v2\/posts"}],"about":[{"href":"https:\/\/lalineaverdebulevar.es\/es\/wp-json\/wp\/v2\/types\/post"}],"author":[{"embeddable":true,"href":"https:\/\/lalineaverdebulevar.es\/es\/wp-json\/wp\/v2\/users\/1"}],"replies":[{"embeddable":true,"href":"https:\/\/lalineaverdebulevar.es\/es\/wp-json\/wp\/v2\/comments?post=1487"}],"version-history":[{"count":1,"href":"https:\/\/lalineaverdebulevar.es\/es\/wp-json\/wp\/v2\/posts\/1487\/revisions"}],"predecessor-version":[{"id":1489,"href":"https:\/\/lalineaverdebulevar.es\/es\/wp-json\/wp\/v2\/posts\/1487\/revisions\/1489"}],"wp:featuredmedia":[{"embeddable":true,"href":"https:\/\/lalineaverdebulevar.es\/es\/wp-json\/wp\/v2\/media\/1488"}],"wp:attachment":[{"href":"https:\/\/lalineaverdebulevar.es\/es\/wp-json\/wp\/v2\/media?parent=1487"}],"wp:term":[{"taxonomy":"category","embeddable":true,"href":"https:\/\/lalineaverdebulevar.es\/es\/wp-json\/wp\/v2\/categories?post=1487"},{"taxonomy":"post_tag","embeddable":true,"href":"https:\/\/lalineaverdebulevar.es\/es\/wp-json\/wp\/v2\/tags?post=1487"}],"curies":[{"name":"wp","href":"https:\/\/api.w.org\/{rel}","templated":true}]}}