{"id":216,"date":"2021-08-28T09:21:41","date_gmt":"2021-08-28T07:21:41","guid":{"rendered":"http:\/\/lalineaverdebulevar.es\/?p=216"},"modified":"2021-08-28T09:21:41","modified_gmt":"2021-08-28T07:21:41","slug":"weekly-menu-30-08-2021-03-09-2021","status":"publish","type":"post","link":"http:\/\/lalineaverdebulevar.es\/es\/weekly-menu-30-08-2021-03-09-2021\/","title":{"rendered":"MEN\u00da DE LA SEMANA (30\/08\/2021-03\/09\/2021):"},"content":{"rendered":"<figure class=\"wp-block-image size-full\"><img loading=\"lazy\" decoding=\"async\" width=\"782\" height=\"782\" src=\"http:\/\/lalineaverdebulevar.es\/wp-content\/uploads\/2021\/08\/2021-08-30.jpg\" alt=\"\" class=\"wp-image-217\" srcset=\"http:\/\/lalineaverdebulevar.es\/wp-content\/uploads\/2021\/08\/2021-08-30.jpg 782w, http:\/\/lalineaverdebulevar.es\/wp-content\/uploads\/2021\/08\/2021-08-30-300x300.jpg 300w, http:\/\/lalineaverdebulevar.es\/wp-content\/uploads\/2021\/08\/2021-08-30-150x150.jpg 150w, http:\/\/lalineaverdebulevar.es\/wp-content\/uploads\/2021\/08\/2021-08-30-768x768.jpg 768w, http:\/\/lalineaverdebulevar.es\/wp-content\/uploads\/2021\/08\/2021-08-30-12x12.jpg 12w\" sizes=\"auto, (max-width: 782px) 100vw, 782px\" \/><\/figure>\n\n\n\n<p>Hola Amigos!<br>Nuestro men\u00fa para pr\u00f3xima semana (30\/08\/2021-03\/09\/2021):<\/p>\n\n\n\n<ul class=\"wp-block-list\"><li>Lunes (30\/08\/2021):<br>Penne all\u2019arrabbiata<\/li><li>Martes (31\/08\/2021):<br>Pastel de lentil con patatas espinacas<\/li><li>Mi\u00e9rcoles (01\/09\/2021):<br>Curry de garbanzos y verduras con cusc\u00fas<\/li><li>Jueves (02\/09\/2021):<br>Musaca<\/li><li>Viernes (03\/09\/2021):<br>\"Pal\u00f3c Guly\u00e1s\" h\u00fangaro (guiso de jud\u00edas verdes con eneldo) con pan casero<\/li><\/ul>\n\n\n\n<p>Precio: 6 euros por almuerzo O obtenga un men\u00fa de almuerzo para todos los d\u00edas de la semana por 28 euros O con magdalena por 30 euros! <br>Aseg\u00farese de informarnos qu\u00e9 almuerzos est\u00e1 dispuesto a tener con 24 horas de anticipaci\u00f3n, para que podamos reservar una porci\u00f3n para ti.<br>Estamos abiertos de lunes a viernes, de la manana 7:30 a 15:00 de la tarde como lugar para LLEVAR.<br>Todos nuestros platos ser\u00e1n 100% vegetales, sabrosos y elaborados con amor.\n\u00a1Esperamos verte! <br>Esperamos verte!<\/p>","protected":false},"excerpt":{"rendered":"<p>Men\u00fa de la semana (30\/08\/2021-03\/09\/2021):<\/p>","protected":false},"author":1,"featured_media":217,"comment_status":"closed","ping_status":"closed","sticky":false,"template":"","format":"standard","meta":{"footnotes":""},"categories":[5],"tags":[],"class_list":["post-216","post","type-post","status-publish","format-standard","has-post-thumbnail","hentry","category-weekly-menu"],"_links":{"self":[{"href":"http:\/\/lalineaverdebulevar.es\/es\/wp-json\/wp\/v2\/posts\/216","targetHints":{"allow":["GET"]}}],"collection":[{"href":"http:\/\/lalineaverdebulevar.es\/es\/wp-json\/wp\/v2\/posts"}],"about":[{"href":"http:\/\/lalineaverdebulevar.es\/es\/wp-json\/wp\/v2\/types\/post"}],"author":[{"embeddable":true,"href":"http:\/\/lalineaverdebulevar.es\/es\/wp-json\/wp\/v2\/users\/1"}],"replies":[{"embeddable":true,"href":"http:\/\/lalineaverdebulevar.es\/es\/wp-json\/wp\/v2\/comments?post=216"}],"version-history":[{"count":1,"href":"http:\/\/lalineaverdebulevar.es\/es\/wp-json\/wp\/v2\/posts\/216\/revisions"}],"predecessor-version":[{"id":218,"href":"http:\/\/lalineaverdebulevar.es\/es\/wp-json\/wp\/v2\/posts\/216\/revisions\/218"}],"wp:featuredmedia":[{"embeddable":true,"href":"http:\/\/lalineaverdebulevar.es\/es\/wp-json\/wp\/v2\/media\/217"}],"wp:attachment":[{"href":"http:\/\/lalineaverdebulevar.es\/es\/wp-json\/wp\/v2\/media?parent=216"}],"wp:term":[{"taxonomy":"category","embeddable":true,"href":"http:\/\/lalineaverdebulevar.es\/es\/wp-json\/wp\/v2\/categories?post=216"},{"taxonomy":"post_tag","embeddable":true,"href":"http:\/\/lalineaverdebulevar.es\/es\/wp-json\/wp\/v2\/tags?post=216"}],"curies":[{"name":"wp","href":"https:\/\/api.w.org\/{rel}","templated":true}]}}