{"id":223,"date":"2021-09-10T19:50:10","date_gmt":"2021-09-10T17:50:10","guid":{"rendered":"http:\/\/lalineaverdebulevar.es\/?p=223"},"modified":"2021-09-10T19:50:10","modified_gmt":"2021-09-10T17:50:10","slug":"weekly-menu-13-09-2021-17-09-2021","status":"publish","type":"post","link":"http:\/\/lalineaverdebulevar.es\/es\/weekly-menu-13-09-2021-17-09-2021\/","title":{"rendered":"MEN\u00da DE LA SEMANA (13\/08\/2021-17\/09\/2021):"},"content":{"rendered":"<figure class=\"wp-block-image size-full\"><img loading=\"lazy\" decoding=\"async\" width=\"782\" height=\"782\" src=\"http:\/\/lalineaverdebulevar.es\/wp-content\/uploads\/2021\/09\/2021-09-13.jpg\" alt=\"\" class=\"wp-image-224\" srcset=\"http:\/\/lalineaverdebulevar.es\/wp-content\/uploads\/2021\/09\/2021-09-13.jpg 782w, http:\/\/lalineaverdebulevar.es\/wp-content\/uploads\/2021\/09\/2021-09-13-300x300.jpg 300w, http:\/\/lalineaverdebulevar.es\/wp-content\/uploads\/2021\/09\/2021-09-13-150x150.jpg 150w, http:\/\/lalineaverdebulevar.es\/wp-content\/uploads\/2021\/09\/2021-09-13-768x768.jpg 768w, http:\/\/lalineaverdebulevar.es\/wp-content\/uploads\/2021\/09\/2021-09-13-12x12.jpg 12w\" sizes=\"auto, (max-width: 782px) 100vw, 782px\" \/><\/figure>\n\n\n\n<p>Hola Amigos!<br>Nuestro men\u00fa para pr\u00f3xima semana (13\/09\/2021-17\/09\/2021):<\/p>\n\n\n\n<ul class=\"wp-block-list\"><li>Lunes (13\/09\/2021):<br>Caraotas negras con arroz<\/li><li>Martes (14\/09\/2021):<br>Guiso de soja h\u00fangaro con vino tinto y bulgur<\/li><li>Mi\u00e9rcoles (15\/09\/2021):<br>Crema de pasta de espinacas con parmesano<\/li><li>Jueves (16\/09\/2021):<br>Aloo gobi con cusc\u00fas<\/li><li>Viernes (17\/09\/2021):<br>Falafel con arroz y tzatziki<\/li><\/ul>\n\n\n\n<p>Precio: 6 euros por almuerzo O obtenga un men\u00fa de almuerzo para todos los d\u00edas de la semana por 28 euros O con magdalena por 30 euros!<br>Aseg\u00farese de informarnos qu\u00e9 almuerzos est\u00e1 dispuesto a tener con 24 horas de anticipaci\u00f3n, para que podamos reservar una porci\u00f3n para ti.<br>Estamos abiertos de lunes a viernes, de la manana 7:30 a 15:00 de la tarde como lugar para LLEVAR.<br>Todos nuestros platos ser\u00e1n 100% vegetales, sabrosos y elaborados con amor.\n\u00a1Esperamos verte!<br>Esperamos verte!<\/p>","protected":false},"excerpt":{"rendered":"<p>Men\u00fa de la semana (13\/09\/2021-17\/09\/2021)<\/p>","protected":false},"author":1,"featured_media":224,"comment_status":"closed","ping_status":"closed","sticky":false,"template":"","format":"standard","meta":{"footnotes":""},"categories":[5],"tags":[],"class_list":["post-223","post","type-post","status-publish","format-standard","has-post-thumbnail","hentry","category-weekly-menu"],"_links":{"self":[{"href":"http:\/\/lalineaverdebulevar.es\/es\/wp-json\/wp\/v2\/posts\/223","targetHints":{"allow":["GET"]}}],"collection":[{"href":"http:\/\/lalineaverdebulevar.es\/es\/wp-json\/wp\/v2\/posts"}],"about":[{"href":"http:\/\/lalineaverdebulevar.es\/es\/wp-json\/wp\/v2\/types\/post"}],"author":[{"embeddable":true,"href":"http:\/\/lalineaverdebulevar.es\/es\/wp-json\/wp\/v2\/users\/1"}],"replies":[{"embeddable":true,"href":"http:\/\/lalineaverdebulevar.es\/es\/wp-json\/wp\/v2\/comments?post=223"}],"version-history":[{"count":1,"href":"http:\/\/lalineaverdebulevar.es\/es\/wp-json\/wp\/v2\/posts\/223\/revisions"}],"predecessor-version":[{"id":225,"href":"http:\/\/lalineaverdebulevar.es\/es\/wp-json\/wp\/v2\/posts\/223\/revisions\/225"}],"wp:featuredmedia":[{"embeddable":true,"href":"http:\/\/lalineaverdebulevar.es\/es\/wp-json\/wp\/v2\/media\/224"}],"wp:attachment":[{"href":"http:\/\/lalineaverdebulevar.es\/es\/wp-json\/wp\/v2\/media?parent=223"}],"wp:term":[{"taxonomy":"category","embeddable":true,"href":"http:\/\/lalineaverdebulevar.es\/es\/wp-json\/wp\/v2\/categories?post=223"},{"taxonomy":"post_tag","embeddable":true,"href":"http:\/\/lalineaverdebulevar.es\/es\/wp-json\/wp\/v2\/tags?post=223"}],"curies":[{"name":"wp","href":"https:\/\/api.w.org\/{rel}","templated":true}]}}